{"provider_url": "https://www.aracaju.se.leg.br", "title": "Perguntas Frequentes", "html": "<p class=\"callout\"><strong>Selecione a op\u00e7\u00e3o\u00a0que\u00a0deseja visualizar:</strong></p>\r\n<h3>\u00a0 \u00a0 \u00a01.\u00a0<a title=\"\" href=\"https://www.aracaju.se.leg.br/transparencia/acesso-a-informacao/camara-perguntas-frequentes\" class=\"internal-link\" target=\"_blank\">FAQ sobre a C\u00e2mara de Aracaju\u00a0</a></h3>\r\n<h3>\u00a0 \u00a0 \u00a0</h3>\r\n<h3>\u00a0 \u00a0 \u00a02.\u00a0<a title=\"\" href=\"https://www.aracaju.se.leg.br/transparencia/acesso-a-informacao/perguntas-frequentes\" class=\"internal-link\" target=\"_self\">FAQ sobre Acesso \u00e0 Informa\u00e7\u00e3o</a>\u00a0</h3>\r\n<h3>\u00a0</h3>\r\n<h3>\u00a0 \u00a0 \u00a03.\u00a0<a title=\"\" href=\"https://www.aracaju.se.leg.br/ouvidoria/faq-1\" class=\"internal-link\" target=\"_self\">FAQ sobre Ouvidoria</a></h3>\r\n<p>\u00a0</p>", "author_name": "", "version": "1.0", "author_url": "https://www.aracaju.se.leg.br/author/adm", "provider_name": "C\u00e2mara Municipal de Aracaju", "type": "rich"}