{"provider_url": "https://www.aracaju.se.leg.br", "title": "Nitinho pede aten\u00e7\u00e3o ao Centro de Aracaju ", "html": "<div dir=\"auto\" style=\"text-align: justify; \">O apelo foi feito pelo vereador Nitinho Vitale (PSD) em pronunciamento durante o Grande Expediente, na Sess\u00e3o Ordin\u00e1ria na manh\u00e3 desta quinta-feira, \u00a026, na C\u00e2mara Municipal de Aracaju.<br /><br /><span>\"Eu cresci no com\u00e9rcio de Aracaju e estou preocupado. S\u00e3o muitas portas fechadas e a maioria dos comerciantes fica na expectativa das vendas do Natal para salvar suas lojas\", alertou o parlamentar.<br /><br /></span><span>Revitaliza\u00e7\u00e3o - Ele aproveitou para pedir a indica\u00e7\u00e3o de um membro do Legislativo Municipal, lembrando o nome do vereador Breno Garibalde (Uni\u00e3o Brasil), como integrante da Comiss\u00e3o de Revitaliza\u00e7\u00e3o do Centro Comercial de Aracaju. \"Acho que n\u00e3o haver\u00e1 tempo para que o prefeito realize a revitaliza\u00e7\u00e3o, lamentavelmente\".<br /><br /></span><span>For\u00e7a conjunta - \"</span><span>Quero pedir ao prefeito Edvaldo Nogueira e ao governador F\u00e1bio Mitidieri que fa\u00e7am uma for\u00e7a conjunta para ajudar ao com\u00e9rcio de Aracaju, especialmente, \u00a0nas v\u00e9speras do per\u00edodo natalino. Pedir que crie um calend\u00e1rio de eventos no cal\u00e7ad\u00e3o para atrair o consumidor\", sugeriu Nitinho, \u00a0pedindo sensibilidade da Prefeitura de Aracaju para organizar o com\u00e9rcio, \u00a0tratando com dignidade os trabalhadores ambulantes.<br /><br /></span><span>\"N\u00e3o sou a favor destas a\u00e7\u00f5es de retirada \u00e0 for\u00e7a dos pais de fam\u00edlia. Mas pe\u00e7o que organize um espa\u00e7o de trabalho para esses trabalhadores\", refor\u00e7ou.<br /><br /></span><span>Seguran\u00e7a - Tamb\u00e9m pe\u00e7o um refor\u00e7o na seguran\u00e7a para que o com\u00e9rcio possa funcionar em hor\u00e1rio estendido at\u00e9 \u00e0s 22h.<br /><br /></span><span>\"Parabenizo o governador pelo pagamento da periculosidade \u00e0s pol\u00edcias e pe\u00e7o que o Estado, \u00a0atrav\u00e9s da SSP, reforce a seguran\u00e7a do cal\u00e7ad\u00e3o para que o consumidor possa frequentar o com\u00e9rcio e os mercados com conforto e seguran\u00e7a\", pediu.<br /><br /></span><span>Gera\u00e7\u00e3o de empregos - \"</span><span>Sei do compromisso do governador com a gera\u00e7\u00e3o de empregos e pe\u00e7o que invista em eventos atrativos, \u00a0para ajudar ao comerciante a gerar o chamado trabalho tempor\u00e1rio de final de ano\", argumentou o vereador.<br /><br /></span><span>Trabalho tempor\u00e1rio - \"</span><span>\u00c9 o per\u00edodo que gera muitas oportunidades de trabalhos tempor\u00e1rios, com possibilidade de se tornarem \u00a0empregos efetivos\", defendeu Nitinho.<br /><br /></span><span>Divulga\u00e7\u00e3o - \"</span><span>Pe\u00e7o que a Prefeitura de Aracaju fa\u00e7a a campanha de divulga\u00e7\u00e3o do com\u00e9rcio, que invista no estacionamento p\u00fablico, na limpeza, organize o trabalhador ambulante e coloque agentes de limpeza no calcad\u00e3o, para que as fam\u00edlias tenham conforto para fazer suas compras no centro, nos mercados, no com\u00e9rcio de Aracaju \", pediu.</span></div>", "author_name": "Eliz Moura, Assessoria de Imprensa do Parlamentar", "version": "1.0", "author_url": "https://www.aracaju.se.leg.br/author/Eliz Moura, Assessoria de Imprensa do Parlamentar", "provider_name": "C\u00e2mara Municipal de Aracaju", "type": "rich"}