{"provider_url": "https://www.aracaju.se.leg.br", "title": "Elber reafirma seu apoio ao fim da escala 6x1 ", "html": "<p style=\"text-align: justify; \"><span>Nesta ter\u00e7a-feira (28), o vereador e l\u00edder da oposi\u00e7\u00e3o Elber Batalha (PSB) pediu aparte, enquanto o vereador Camilo Daniel (PT) discursava a respeito do fim da escala 6x1, para demonstrar total apoio \u00e0 causa dos trabalhadores. Na ocasi\u00e3o, informou que uma Audi\u00eancia P\u00fablica de sua autoria sobre o tema acontecer\u00e1 no dia 14/05, a partir das 15h.</span></p>\r\n<p dir=\"ltr\" style=\"text-align: justify; \"><span>Em sua fala, Elber afirmou que, nos \u00faltimos 30 anos, o fim da jornada 6x1 \u00e9 o projeto mais importante a ser votado no Congresso Nacional e trouxe seu relato pessoal como comerci\u00e1rio h\u00e1 anos.</span></p>\r\n<p dir=\"ltr\" style=\"text-align: justify; \"><span>\u201cDigo isso de lugar de fala de quem foi comerci\u00e1rio por mais de 10 anos, dos 14 aos 27 anos. Entrei no com\u00e9rcio como balconista de loja no dia 12/12/1988 e somente sa\u00ed do com\u00e9rcio quando ingressei no curso de licenciatura em Hist\u00f3ria, no ano de 1997\u201d, lembrou.</span></p>\r\n<p dir=\"ltr\" style=\"text-align: justify; \"><span>O parlamentar falou das dificuldades vividas pelos trabalhadores.</span></p>\r\n<p dir=\"ltr\" style=\"text-align: justify; \"><span>\u201cMe pergunte: algu\u00e9m que tem essa rotina consegue ter vida social? De segunda a s\u00e1bado? Um pai e uma m\u00e3e que sejam comerci\u00e1rios, com a jornada 6x1, conseguem se ver? Ver seus filhos? Ter lazer? Ter vida, na ess\u00eancia social da palavra vida?\u201d, questionou.</span></p>\r\n<p dir=\"ltr\" style=\"text-align: justify; \"><span>Por fim, o vereador pontuou que a luta j\u00e1 dura quase 40 anos.</span></p>\r\n<p dir=\"ltr\" style=\"text-align: justify; \"><span>\u201cO que se tem que deixar claro aqui \u00e9 que essa luta existe desde 1988. E a classe conservadora n\u00e3o permitiu que isso avan\u00e7asse l\u00e1 em 88. Conseguimos as 44 horas semanais, mas n\u00e3o conseguimos a jornada 5x2, e agora \u00e9 a hora dessa conquista ser dada aos trabalhadores\u201d.</span></p>\r\n<p dir=\"ltr\" style=\"text-align: justify; \"><span>Uma Audi\u00eancia P\u00fablica aberta ao p\u00fablico debater\u00e1 o assunto a partir das 15h, no dia 14 de maio, no plen\u00e1rio da C\u00e2mara Municipal de Aracaju (CMA). A iniciativa \u00e9 de autoria do vereador Elber e visa reunir movimentos, al\u00e9m de trabalhadores e empres\u00e1rios de diversas \u00e1reas.</span></p>", "author_name": "Anna Paula Aquino - Assessoria de Imprensa do Parlamentar", "version": "1.0", "author_url": "https://www.aracaju.se.leg.br/author/Anna Paula Aquino - Assessoria de Imprensa do Parlamentar", "provider_name": "C\u00e2mara Municipal de Aracaju", "type": "rich"}