{"provider_url": "https://www.aracaju.se.leg.br", "title": "Elber Batalha prestigia posse de Ezio D\u00e9da", "html": "<p dir=\"ltr\"><span>O vereador Elber Batalha (PSB) participou da posse do novo imortal da Academia Sergipana de Letras, Ezio D\u00e9da, que aconteceu na noite desta quarta-feira, 14, no Museu da Gente Sergipana.</span></p>\r\n<p dir=\"ltr\"><span>O poeta, arquiteto e escritor Ezio ocupa, a partir de agora, a cadeira 19 das 40 de imortais da Academia. A solenidade foi prestigiada por pol\u00edticos, familiares e amigos do homenageado que fizeram quest\u00e3o de participar do momento que ficar\u00e1 para a hist\u00f3ria.</span></p>\r\n<p dir=\"ltr\"><span>Para Elber, a escolha do nome foi certeira com tantas caracter\u00edsticas positivas do amigo pessoal Ezio e o seu talento que deixa marcas por onde passa. \u201cToda a capacidade e compet\u00eancia, com o vi\u00e9s importante que \u00e9 a sua humildade, simpatia e acolhimento de todos que os cercam. Isso \u00e9 um dos tra\u00e7os mais simb\u00f3licos dele. Foi uma noite festiva para a cultura, a arquitetura, a Academia e o povo sergipano\u201d, falou, lembrando das parcerias feitas nos tempos da Secretaria de Cultura e do Instituto Banese.</span></p>\r\n<p dir=\"ltr\"><span>Em seu discurso, Ezio refletiu sobre esse momento e as suas escolhas que o levar\u00e3o at\u00e9 a Academia. \u201cPara mim, literatura e arquitetura s\u00e3o express\u00f5es complementares indissoci\u00e1veis que podem e dialogar com quaisquer outras formas t\u00e9cnicas e art\u00edsticas. Acredito que minha vontade tamanha em realizar as coisas tem superado minhas pr\u00f3prias limita\u00e7\u00f5es em faz\u00ea-las. Exercitar, transpor linhas imagin\u00e1rias em todas as esferas da nossa exist\u00eancia, talvez seja um dos maiores desafios da sociedade contempor\u00e2nea\u201d, declarou.</span></p>", "author_name": "Assessoria de Imprensa do Parlamentar", "version": "1.0", "author_url": "https://www.aracaju.se.leg.br/author/Assessoria de Imprensa do Parlamentar", "provider_name": "C\u00e2mara Municipal de Aracaju", "type": "rich"}