{"provider_url": "https://www.aracaju.se.leg.br", "title": "Dia Internacional do Enfermeiro e da Enfermagem", "html": "<p>\u00a0No 12 de maio \u00e9 comemorado o \u201cDia Internacional da Enfermagem\u201d. No decorrer da hist\u00f3ria, a profiss\u00e3o se notabilizou por sua atua\u00e7\u00e3o na prote\u00e7\u00e3o da vida humana, seja na rotina das urg\u00eancias m\u00e9dicas e interna\u00e7\u00f5es hospitalares, ou em momentos marcantes para humanidade como as grandes guerras mundiais, epidemias e pandemias.</p>\r\n<p>\u00a0Nos \u00faltimos anos, com a pandemia do Covid-19, a enfermagem esteve ainda mais em evid\u00eancia e o hero\u00edsmo da categoria foi colocado \u00e0 prova mais uma vez. Esses profissionais foram essenciais no enfrentamento da doen\u00e7a, arriscando as pr\u00f3prias vidas em um momento de incertezas quanto \u00e0 cura e tratamentos a serem adotados, assistindo, nos leitos, pacientes com uma enfermidade potencialmente contagiosa.</p>\r\n<p><b>\u00a0\u00a0Enfermagem e CMA</b></p>\r\n<p>Quando pensamos em enfermagem \u00e9 at\u00e9 natural que a primeira imagem que venha a mente seja de um ambiente hospitalar. S\u00e3o os hospitais e unidades de sa\u00fades que concentram o maior n\u00famero de profissionais da enfermagem. No entanto, as possibilidades de exerc\u00edcio profissional dos enfermeiros s\u00e3o amplas. \u00a0Eles podem desempenhar atividades de atendimento em resid\u00eancias, ambul\u00e2ncias, cl\u00ednicas e em \u00f3rg\u00e3os, como a C\u00e2mara Municipal de Aracaju (CMA), onde exercem a enfermagem do trabalho.\u00a0</p>\r\n<p>O Setor M\u00e9dico da CMA conta em seu quadro funcional com 2 enfermeiros e 2 t\u00e9cnicos de enfermagem. Eles prestam assist\u00eancia aos servidores da Casa em atividades que envolvem\u00a0 assist\u00eancia por meio da consulta e procedimentos de enfermagem, al\u00e9m da realiza\u00e7\u00e3o de a\u00e7\u00f5es de educa\u00e7\u00e3o voltadas \u00e0 sa\u00fade. No setor, tamb\u00e9m s\u00e3o desempenhadas atividades de planejamento e organiza\u00e7\u00e3o com o objetivo de subsidiar pr\u00e1ticas assistenciais.</p>\r\n<p>A enfermeira da CMA, Bruna Siqueira, explica as diferentes vertentes em que os profissionais da enfermagem podem atuar. \u00a0\u201cA enfermagem tem um campo de atua\u00e7\u00e3o bem abrangente, atua em diversos cen\u00e1rios: na \u00e1rea de hematologia, medicina <em>transfusiona</em><em>l</em>, nefrologia com acompanhamento de pacientes renais cr\u00f4nicos, atua tamb\u00e9m na \u00e1rea de sa\u00fade p\u00fablica fazendo medidas de preven\u00e7\u00e3o e promo\u00e7\u00e3o \u00e0 sa\u00fade como acompanhamento de gestantes, hipertensos, sa\u00fade da mulher, preven\u00e7\u00e3o de c\u00e2ncer de colo de \u00fatero, de c\u00e2ncer de mama; al\u00e9m da pr\u00f3pria assist\u00eancia hospitalar que, no geral,\u00a0 \u00e9 o que as pessoas mais conhecem do trabalho da enfermagem. Trabalhamos tamb\u00e9m na \u00e1rea da sa\u00fade do trabalho fazendo o acompanhamento do trabalhador, da sa\u00fade ocupacional. Temos essa diversidade de campos de atua\u00e7\u00e3o na \u00e1rea da enfermagem\u201d, disse Bruna.</p>\r\n<p>A enfermeira destacou que \u00e9 feito um trabalho preventivo com os colabores da CMA e contou como s\u00e3o desempenhadas as atividades no Setor M\u00e9dico da institui\u00e7\u00e3o.\u00a0\u00a0<span>\u201cNa C\u00e2mara Municipal de Aracaju, trabalhamos fazendo o acompanhamento cl\u00ednico dos servidores, tanto em termo de preven\u00e7\u00e3o, avalia\u00e7\u00e3o de exames, orienta\u00e7\u00e3o de medidas de cuidados com a pr\u00f3pria sa\u00fade, orienta\u00e7\u00e3o de medidas de vacina\u00e7\u00e3o. A gente desenvolve a\u00e7\u00f5es para identificar precocemente algumas doen\u00e7as. Trabalhamos mais no campo da preven\u00e7\u00e3o, mas atendemos tamb\u00e9m aqueles profissionais que n\u00e3o se sintam bem, fazemos aquele primeiro acolhimento de urg\u00eancia com as primeiras condutas que sejam necess\u00e1rias\u201d.</span></p>\r\n<p>A Maiara Sim\u00f5es \u00e9 enfermeira efetiva da CMA desde julho de 2022. Ela conta que o interesse pela enfermagem surgiu ainda muito jovem e que, na adolesc\u00eancia, ingressou no curso de enfermagem. Mesmo ap\u00f3s anos de pr\u00e1tica profissional e de hoje ter um olhar mais amplo a respeito da profiss\u00e3o, a enfermeira diz que a motiva\u00e7\u00e3o para escolha da carreira permanece: cuidar do outro.</p>\r\n<p>\u00a0\u201cEu entrei na gradua\u00e7\u00e3o de enfermagem aos 16 anos de idade. Na \u00e9poca, eu n\u00e3o tinha refer\u00eancias pr\u00f3ximas de profissionais da \u00e1rea. Pouco conhecia sobre a real atua\u00e7\u00e3o da profiss\u00e3o. A minha maior motiva\u00e7\u00e3o nessa escolha foi a vontade de cuidar do outro, a vontade de fazer a diferen\u00e7a na vida de algu\u00e9m. Ao longo do curso e dos anos de profiss\u00e3o, eu enxerguei a relev\u00e2ncia da enfermagem em diversas vertentes. A enfermagem vai muito al\u00e9m de cuidar do outro com amor e empatia. Enfermagem envolve a aplica\u00e7\u00e3o de pr\u00e1ticas baseadas em evid\u00eancias fundamentadas cientificamente. A atua\u00e7\u00e3o da profiss\u00e3o tem um leque muito amplo, incluindo diversas \u00e1reas assistenciais, gest\u00e3o, ensino e pesquisa. Hoje o que me motiva na enfermagem \u00e9 perceber que, na minha profiss\u00e3o, por meio de todas as ferramentas que nos s\u00e3o passadas em todo processo de forma\u00e7\u00e3o educacional e experi\u00eancia profissional, eu consigo de fato atingir o que me propus quando escolhi o meu curso. De alguma maneira eu consigo cuidar do outro e consigo fazer a diferen\u00e7a na vida de algu\u00e9m\u201d.</p>\r\n<p><b>Enfermagem na Hist\u00f3ria </b></p>\r\n<p>Florence Nightingale nasceu em Floren\u00e7a, na It\u00e1lia, no dia 12 de maio de 1820. Sua paix\u00e3o pela Enfermagem surgiu durante uma viagem ao Egito, quando fazia visitas a hospitais. Aos 14 anos, ela decidiu que\u00a0cuidar dos enfermos era sua voca\u00e7\u00e3o, o que relatou em suas obras como sendo um chamado de Deus.</p>\r\n<p>O principal reconhecimento de Florence Nightingale vem de sua forma de cuidar de soldados feridos e de treinar as enfermeiras no s\u00e9culo XIX. \u00a0Ela foi a respons\u00e1vel por implementar essa pr\u00e1tica de higiene (assim como v\u00e1rias outras) nos hospitais onde cuidavam dos feridos da Guerra da Crimeia. \u00c9 preciso considerar que, nessa \u00e9poca, n\u00e3o se prestava muita aten\u00e7\u00e3o nos h\u00e1bitos de lavar as m\u00e3os e de como isso era s\u00e9rio.</p>\r\n<p><b>Dia da Enfermagem no Brasil</b></p>\r\n<p>O Dia Internacional da Enfermagem passou a ser uma data comemorativa no Brasil em 1938, quando a data foi institu\u00edda pelo ent\u00e3o presidente Get\u00falio Vargas por meio do Decreto no 2.956, de 10 de agosto de 1938.</p>\r\n<p>\u00a0</p>", "author_name": "Ivo Jeremias - Ag\u00eancia CMA", "version": "1.0", "author_url": "https://www.aracaju.se.leg.br/author/Ivo Jeremias - Ag\u00eancia CMA", "provider_name": "C\u00e2mara Municipal de Aracaju", "type": "rich"}